{"id":4119,"date":"2026-08-27T12:17:40","date_gmt":"2026-08-27T19:17:40","guid":{"rendered":"https:\/\/attorneyjeff.com\/?p=4119"},"modified":"2026-08-27T19:39:35","modified_gmt":"2026-08-28T02:39:35","slug":"two-men-sought-in-victorville-kidnapping-and-vehicle-arson-investigation","status":"publish","type":"post","link":"https:\/\/attorneyjeff.com\/es\/two-men-sought-in-victorville-kidnapping-and-vehicle-arson-investigation\/","title":{"rendered":"Dos hombres buscados en relaci\u00f3n con el secuestro y el incendio provocado de un veh\u00edculo en Victorville."},"content":{"rendered":"<p><span style=\"font-weight: 400;\">Authorities in Victorville are asking the public for help identifying two men accused of kidnapping a driver at gunpoint and setting his vehicle on fire in a remote desert area over the weekend. The San Bernardino County Sheriff&#8217;s Department confirmed both suspects remain at large as the investigation continues.\u00a0<\/span><\/p>\n<h2><b>Sobre el incidente: Secuestro e incendio provocado<\/b><\/h2>\n<p><span style=\"font-weight: 400;\">The incident began around 7:30 p.m. on Sunday, August 23, 2026, when the victim was standing outside his 2015 Audi Q5 near Stoddard Wells Road in Victorville. According to the Sheriff&#8217;s Department, two unidentified men approached him, and one suspect brandished a firearm.<\/span><\/p>\n<p><span style=\"font-weight: 400;\">El <\/span><a href=\"https:\/\/ktla.com\/news\/inland-empire\/2-wanted-for-kidnapping-driver-at-gunpoint-torching-suv-in-southern-california-desert\/\" target=\"_blank\" rel=\"noopener\"><span style=\"font-weight: 400;\">El sospechoso armado orden\u00f3 entonces a la v\u00edctima que subiera a su propio veh\u00edculo.<\/span><\/a><span style=\"font-weight: 400;\"> y le ordenaron que condujera hasta una zona des\u00e9rtica cerca de la intersecci\u00f3n de la calle Emerson y la avenida Venus. Una vez que llegaron al lugar aislado, los sospechosos le dijeron a la v\u00edctima que huyera antes de prender fuego a su camioneta.<\/span><\/p>\n<p><span style=\"font-weight: 400;\">Deputies from the Victorville Police Department, which operates as a contract station of the San Bernardino County Sheriff&#8217;s Department, responded to reports of a vehicle fire in the area and connected it to the kidnapping.<\/span><\/p>\n<h2><b>Descripci\u00f3n del sospechoso y estado de la investigaci\u00f3n<\/b><\/h2>\n<p><span style=\"font-weight: 400;\">Los sospechosos han sido descritos como dos hombres adultos de raza negra no identificados. Hasta el momento de este informe, los investigadores afirman no tener pistas confirmadas sobre el m\u00f3vil del ataque, y ambos hombres permanecen pr\u00f3fugos y sin identificar.<\/span><\/p>\n<h2><b>Cargos potenciales<\/b><\/h2>\n<p><span style=\"font-weight: 400;\">Los expertos legales se\u00f1alan que un incidente que involucre el robo de un veh\u00edculo con la consiguiente movilizaci\u00f3n forzada de la v\u00edctima puede exponer a los sospechosos a cargos significativamente m\u00e1s graves seg\u00fan la ley de California. El robo de veh\u00edculos est\u00e1ndar, seg\u00fan la Secci\u00f3n 215 del C\u00f3digo Penal de California, ya se considera un delito grave violento.\u00a0<\/span><\/p>\n<p><span style=\"font-weight: 400;\">Sin embargo, debido a que la v\u00edctima presuntamente fue obligada a conducir a punta de pistola hacia una zona remota, los fiscales podr\u00edan procesarla por secuestro agravado durante un robo de veh\u00edculo bajo la Secci\u00f3n 209.5 del C\u00f3digo Penal, un cargo que conlleva una posible sentencia de cadena perpetua con posibilidad de libertad condicional.<\/span><\/p>\n<h2><b>C\u00f3mo ayudar<\/b><\/h2>\n<p><span style=\"font-weight: 400;\">Se insta a cualquier persona que tenga informaci\u00f3n sobre este caso a que se ponga en contacto con la <\/span><a href=\"https:\/\/wp.sbcounty.gov\/sheriff\/patrol-stations\/victorville\/\" target=\"_blank\" rel=\"noopener\"><span style=\"font-weight: 400;\">Departamento de Polic\u00eda de Victorville<\/span><\/a><span style=\"font-weight: 400;\"> at 760-241-2911 or San Bernardino County Sheriff&#8217;s Dispatch at 760-956-5001. Tips can also be submitted anonymously by calling or texting &#8220;REPORT&#8221; to We-Tip at 844-909-3006, or through the <\/span><a href=\"https:\/\/wp.sbcounty.gov\/sheriff\/programs\/wetip\/\" target=\"_blank\" rel=\"noopener\"><span style=\"font-weight: 400;\">Sheriff&#8217;s Department&#8217;s online reporting system<\/span><\/a><span style=\"font-weight: 400;\">.<\/span><\/p>\n<h2><b>Apoyo a las v\u00edctimas de delitos violentos en Victorville.<\/b><\/h2>\n<p><span style=\"font-weight: 400;\">Ser v\u00edctima de robo de auto, secuestro o amenazas a punta de pistola puede dejar traumas f\u00edsicos y emocionales duraderos, incluso cuando no se produce ninguna lesi\u00f3n directa. Las v\u00edctimas de delitos violentos o <\/span><a href=\"https:\/\/attorneyjeff.com\/es\/california-fire-damage-lawyer\/\"><span style=\"font-weight: 400;\">da\u00f1os por incendio<\/span><\/a><span style=\"font-weight: 400;\"> Los residentes de Victorville y de todo el Alto Desierto pueden tener opciones legales m\u00e1s all\u00e1 del proceso penal contra sus agresores.\u00a0<\/span><\/p>\n<p><span style=\"font-weight: 400;\">Si usted o un ser querido ha sido v\u00edctima de un delito violento o un incidente relacionado con un veh\u00edculo en Victorville, <\/span><a href=\"https:\/\/attorneyjeff.com\/es\/victorville-personal-injury-lawyer\/\"><span style=\"font-weight: 400;\">abogados de lesiones personales<\/span><\/a><span style=\"font-weight: 400;\"> En la oficina del abogado Jeff, especializado en accidentes automovil\u00edsticos, est\u00e1n disponibles para hablar sobre sus derechos y las posibles v\u00edas de indemnizaci\u00f3n.\u00a0<\/span><\/p>","protected":false},"excerpt":{"rendered":"<p>Las autoridades de Victorville est\u00e1n pidiendo ayuda al p\u00fablico para identificar a dos hombres acusados de secuestrar a un conductor a punta de pistola y\u2026<\/p>","protected":false},"author":24,"featured_media":4120,"comment_status":"open","ping_status":"open","sticky":false,"template":"","format":"standard","meta":{"inline_featured_image":false,"_monsterinsights_skip_tracking":false,"_monsterinsights_sitenote_active":false,"_monsterinsights_sitenote_note":"","_monsterinsights_sitenote_category":0,"footnotes":""},"categories":[102],"tags":[104],"class_list":["post-4119","post","type-post","status-publish","format-standard","has-post-thumbnail","hentry","category-news","tag-victorville"],"acf":[],"yoast_head":"<!-- This site is optimized with the Yoast SEO plugin v28.4 - https:\/\/yoast.com\/product\/yoast-seo-wordpress\/ -->\n<title>Two Men Sought in Victorville Kidnapping and Vehicle Arson Investigation - Attorney Jeff<\/title>\n<meta name=\"description\" content=\"Investigators are seeking two men in Victorville for kidnapping and vehicle arson that took place around Sunday evening, Aug. 23.\" \/>\n<meta name=\"robots\" content=\"index, follow, max-snippet:-1, max-image-preview:large, max-video-preview:-1\" \/>\n<link rel=\"canonical\" href=\"https:\/\/attorneyjeff.com\/es\/two-men-sought-in-victorville-kidnapping-and-vehicle-arson-investigation\/\" \/>\n<meta property=\"og:locale\" content=\"es_MX\" \/>\n<meta property=\"og:type\" content=\"article\" \/>\n<meta property=\"og:title\" content=\"Two Men Sought in Victorville Kidnapping and Vehicle Arson Investigation - Attorney Jeff\" \/>\n<meta property=\"og:description\" content=\"Investigators are seeking two men in Victorville for kidnapping and vehicle arson that took place around Sunday evening, Aug. 23.\" \/>\n<meta property=\"og:url\" content=\"https:\/\/attorneyjeff.com\/es\/two-men-sought-in-victorville-kidnapping-and-vehicle-arson-investigation\/\" \/>\n<meta property=\"og:site_name\" content=\"Attorney Jeff\" \/>\n<meta property=\"article:published_time\" content=\"2026-08-27T19:17:40+00:00\" \/>\n<meta property=\"article:modified_time\" content=\"2026-08-28T02:39:35+00:00\" \/>\n<meta property=\"og:image\" content=\"https:\/\/attorneyjeff.com\/wp-content\/uploads\/2026\/08\/car-that-set-ablaze-in-the-woods-e1787884468887-1024x489.webp\" \/>\n\t<meta property=\"og:image:width\" content=\"1024\" \/>\n\t<meta property=\"og:image:height\" content=\"489\" \/>\n\t<meta property=\"og:image:type\" content=\"image\/webp\" \/>\n<meta name=\"author\" content=\"Michelle Jaco\" \/>\n<meta name=\"twitter:card\" content=\"summary_large_image\" \/>\n<script type=\"application\/ld+json\" class=\"yoast-schema-graph\">{\"@context\":\"https:\\\/\\\/schema.org\",\"@graph\":[{\"@type\":\"Article\",\"@id\":\"https:\\\/\\\/attorneyjeff.com\\\/two-men-sought-in-victorville-kidnapping-and-vehicle-arson-investigation\\\/#article\",\"isPartOf\":{\"@id\":\"https:\\\/\\\/attorneyjeff.com\\\/two-men-sought-in-victorville-kidnapping-and-vehicle-arson-investigation\\\/\"},\"author\":{\"name\":\"Michelle Jaco\",\"@id\":\"https:\\\/\\\/attorneyjeff.com\\\/#\\\/schema\\\/person\\\/eb75c7c17fc19175262e69f04015acf8\"},\"headline\":\"Two Men Sought in Victorville Kidnapping and Vehicle Arson Investigation\",\"datePublished\":\"2026-08-27T19:17:40+00:00\",\"dateModified\":\"2026-08-28T02:39:35+00:00\",\"mainEntityOfPage\":{\"@id\":\"https:\\\/\\\/attorneyjeff.com\\\/two-men-sought-in-victorville-kidnapping-and-vehicle-arson-investigation\\\/\"},\"wordCount\":468,\"commentCount\":0,\"image\":{\"@id\":\"https:\\\/\\\/attorneyjeff.com\\\/two-men-sought-in-victorville-kidnapping-and-vehicle-arson-investigation\\\/#primaryimage\"},\"thumbnailUrl\":\"https:\\\/\\\/attorneyjeff.com\\\/wp-content\\\/uploads\\\/2026\\\/08\\\/car-that-set-ablaze-in-the-woods-e1787884468887.webp\",\"keywords\":[\"Victorville\"],\"articleSection\":[\"News\"],\"inLanguage\":\"es\",\"potentialAction\":[{\"@type\":\"CommentAction\",\"name\":\"Comment\",\"target\":[\"https:\\\/\\\/attorneyjeff.com\\\/two-men-sought-in-victorville-kidnapping-and-vehicle-arson-investigation\\\/#respond\"]}]},{\"@type\":\"WebPage\",\"@id\":\"https:\\\/\\\/attorneyjeff.com\\\/two-men-sought-in-victorville-kidnapping-and-vehicle-arson-investigation\\\/\",\"url\":\"https:\\\/\\\/attorneyjeff.com\\\/two-men-sought-in-victorville-kidnapping-and-vehicle-arson-investigation\\\/\",\"name\":\"Two Men Sought in Victorville Kidnapping and Vehicle Arson Investigation - Attorney Jeff\",\"isPartOf\":{\"@id\":\"https:\\\/\\\/attorneyjeff.com\\\/#website\"},\"primaryImageOfPage\":{\"@id\":\"https:\\\/\\\/attorneyjeff.com\\\/two-men-sought-in-victorville-kidnapping-and-vehicle-arson-investigation\\\/#primaryimage\"},\"image\":{\"@id\":\"https:\\\/\\\/attorneyjeff.com\\\/two-men-sought-in-victorville-kidnapping-and-vehicle-arson-investigation\\\/#primaryimage\"},\"thumbnailUrl\":\"https:\\\/\\\/attorneyjeff.com\\\/wp-content\\\/uploads\\\/2026\\\/08\\\/car-that-set-ablaze-in-the-woods-e1787884468887.webp\",\"datePublished\":\"2026-08-27T19:17:40+00:00\",\"dateModified\":\"2026-08-28T02:39:35+00:00\",\"author\":{\"@id\":\"https:\\\/\\\/attorneyjeff.com\\\/#\\\/schema\\\/person\\\/eb75c7c17fc19175262e69f04015acf8\"},\"description\":\"Investigators are seeking two men in Victorville for kidnapping and vehicle arson that took place around Sunday evening, Aug. 23.\",\"breadcrumb\":{\"@id\":\"https:\\\/\\\/attorneyjeff.com\\\/two-men-sought-in-victorville-kidnapping-and-vehicle-arson-investigation\\\/#breadcrumb\"},\"inLanguage\":\"es\",\"potentialAction\":[{\"@type\":\"ReadAction\",\"target\":[\"https:\\\/\\\/attorneyjeff.com\\\/two-men-sought-in-victorville-kidnapping-and-vehicle-arson-investigation\\\/\"]}]},{\"@type\":\"ImageObject\",\"inLanguage\":\"es\",\"@id\":\"https:\\\/\\\/attorneyjeff.com\\\/two-men-sought-in-victorville-kidnapping-and-vehicle-arson-investigation\\\/#primaryimage\",\"url\":\"https:\\\/\\\/attorneyjeff.com\\\/wp-content\\\/uploads\\\/2026\\\/08\\\/car-that-set-ablaze-in-the-woods-e1787884468887.webp\",\"contentUrl\":\"https:\\\/\\\/attorneyjeff.com\\\/wp-content\\\/uploads\\\/2026\\\/08\\\/car-that-set-ablaze-in-the-woods-e1787884468887.webp\",\"width\":6505,\"height\":3105,\"caption\":\"A wrecked car parked in the woods and that was set ablaze and damaged after an incident.\"},{\"@type\":\"BreadcrumbList\",\"@id\":\"https:\\\/\\\/attorneyjeff.com\\\/two-men-sought-in-victorville-kidnapping-and-vehicle-arson-investigation\\\/#breadcrumb\",\"itemListElement\":[{\"@type\":\"ListItem\",\"position\":1,\"name\":\"Home\",\"item\":\"https:\\\/\\\/attorneyjeff.com\\\/\"},{\"@type\":\"ListItem\",\"position\":2,\"name\":\"Two Men Sought in Victorville Kidnapping and Vehicle Arson Investigation\"}]},{\"@type\":\"WebSite\",\"@id\":\"https:\\\/\\\/attorneyjeff.com\\\/#website\",\"url\":\"https:\\\/\\\/attorneyjeff.com\\\/\",\"name\":\"Attorney Jeff\",\"description\":\"Car Accident Lawyer\",\"potentialAction\":[{\"@type\":\"SearchAction\",\"target\":{\"@type\":\"EntryPoint\",\"urlTemplate\":\"https:\\\/\\\/attorneyjeff.com\\\/?s={search_term_string}\"},\"query-input\":{\"@type\":\"PropertyValueSpecification\",\"valueRequired\":true,\"valueName\":\"search_term_string\"}}],\"inLanguage\":\"es\"},{\"@type\":\"Person\",\"@id\":\"https:\\\/\\\/attorneyjeff.com\\\/#\\\/schema\\\/person\\\/eb75c7c17fc19175262e69f04015acf8\",\"name\":\"Michelle Jaco\",\"image\":{\"@type\":\"ImageObject\",\"inLanguage\":\"es\",\"@id\":\"https:\\\/\\\/secure.gravatar.com\\\/avatar\\\/3c50f16c4667efff831bc281577f95675cdd9841ad52f1dc7e87c9cd0ac27f36?s=96&d=mm&r=g\",\"url\":\"https:\\\/\\\/secure.gravatar.com\\\/avatar\\\/3c50f16c4667efff831bc281577f95675cdd9841ad52f1dc7e87c9cd0ac27f36?s=96&d=mm&r=g\",\"contentUrl\":\"https:\\\/\\\/secure.gravatar.com\\\/avatar\\\/3c50f16c4667efff831bc281577f95675cdd9841ad52f1dc7e87c9cd0ac27f36?s=96&d=mm&r=g\",\"caption\":\"Michelle Jaco\"}}]}<\/script>\n<!-- \/ Yoast SEO plugin. -->","yoast_head_json":{"title":"Two Men Sought in Victorville Kidnapping and Vehicle Arson Investigation - Attorney Jeff","description":"Investigators are seeking two men in Victorville for kidnapping and vehicle arson that took place around Sunday evening, Aug. 23.","robots":{"index":"index","follow":"follow","max-snippet":"max-snippet:-1","max-image-preview":"max-image-preview:large","max-video-preview":"max-video-preview:-1"},"canonical":"https:\/\/attorneyjeff.com\/es\/two-men-sought-in-victorville-kidnapping-and-vehicle-arson-investigation\/","og_locale":"es_MX","og_type":"article","og_title":"Two Men Sought in Victorville Kidnapping and Vehicle Arson Investigation - Attorney Jeff","og_description":"Investigators are seeking two men in Victorville for kidnapping and vehicle arson that took place around Sunday evening, Aug. 23.","og_url":"https:\/\/attorneyjeff.com\/es\/two-men-sought-in-victorville-kidnapping-and-vehicle-arson-investigation\/","og_site_name":"Attorney Jeff","article_published_time":"2026-08-27T19:17:40+00:00","article_modified_time":"2026-08-28T02:39:35+00:00","og_image":[{"width":1024,"height":489,"url":"https:\/\/attorneyjeff.com\/wp-content\/uploads\/2026\/08\/car-that-set-ablaze-in-the-woods-e1787884468887-1024x489.webp","type":"image\/webp"}],"author":"Michelle Jaco","twitter_card":"summary_large_image","schema":{"@context":"https:\/\/schema.org","@graph":[{"@type":"Article","@id":"https:\/\/attorneyjeff.com\/two-men-sought-in-victorville-kidnapping-and-vehicle-arson-investigation\/#article","isPartOf":{"@id":"https:\/\/attorneyjeff.com\/two-men-sought-in-victorville-kidnapping-and-vehicle-arson-investigation\/"},"author":{"name":"Michelle Jaco","@id":"https:\/\/attorneyjeff.com\/#\/schema\/person\/eb75c7c17fc19175262e69f04015acf8"},"headline":"Two Men Sought in Victorville Kidnapping and Vehicle Arson Investigation","datePublished":"2026-08-27T19:17:40+00:00","dateModified":"2026-08-28T02:39:35+00:00","mainEntityOfPage":{"@id":"https:\/\/attorneyjeff.com\/two-men-sought-in-victorville-kidnapping-and-vehicle-arson-investigation\/"},"wordCount":468,"commentCount":0,"image":{"@id":"https:\/\/attorneyjeff.com\/two-men-sought-in-victorville-kidnapping-and-vehicle-arson-investigation\/#primaryimage"},"thumbnailUrl":"https:\/\/attorneyjeff.com\/wp-content\/uploads\/2026\/08\/car-that-set-ablaze-in-the-woods-e1787884468887.webp","keywords":["Victorville"],"articleSection":["News"],"inLanguage":"es","potentialAction":[{"@type":"CommentAction","name":"Comment","target":["https:\/\/attorneyjeff.com\/two-men-sought-in-victorville-kidnapping-and-vehicle-arson-investigation\/#respond"]}]},{"@type":"WebPage","@id":"https:\/\/attorneyjeff.com\/two-men-sought-in-victorville-kidnapping-and-vehicle-arson-investigation\/","url":"https:\/\/attorneyjeff.com\/two-men-sought-in-victorville-kidnapping-and-vehicle-arson-investigation\/","name":"Two Men Sought in Victorville Kidnapping and Vehicle Arson Investigation - Attorney Jeff","isPartOf":{"@id":"https:\/\/attorneyjeff.com\/#website"},"primaryImageOfPage":{"@id":"https:\/\/attorneyjeff.com\/two-men-sought-in-victorville-kidnapping-and-vehicle-arson-investigation\/#primaryimage"},"image":{"@id":"https:\/\/attorneyjeff.com\/two-men-sought-in-victorville-kidnapping-and-vehicle-arson-investigation\/#primaryimage"},"thumbnailUrl":"https:\/\/attorneyjeff.com\/wp-content\/uploads\/2026\/08\/car-that-set-ablaze-in-the-woods-e1787884468887.webp","datePublished":"2026-08-27T19:17:40+00:00","dateModified":"2026-08-28T02:39:35+00:00","author":{"@id":"https:\/\/attorneyjeff.com\/#\/schema\/person\/eb75c7c17fc19175262e69f04015acf8"},"description":"Investigators are seeking two men in Victorville for kidnapping and vehicle arson that took place around Sunday evening, Aug. 23.","breadcrumb":{"@id":"https:\/\/attorneyjeff.com\/two-men-sought-in-victorville-kidnapping-and-vehicle-arson-investigation\/#breadcrumb"},"inLanguage":"es","potentialAction":[{"@type":"ReadAction","target":["https:\/\/attorneyjeff.com\/two-men-sought-in-victorville-kidnapping-and-vehicle-arson-investigation\/"]}]},{"@type":"ImageObject","inLanguage":"es","@id":"https:\/\/attorneyjeff.com\/two-men-sought-in-victorville-kidnapping-and-vehicle-arson-investigation\/#primaryimage","url":"https:\/\/attorneyjeff.com\/wp-content\/uploads\/2026\/08\/car-that-set-ablaze-in-the-woods-e1787884468887.webp","contentUrl":"https:\/\/attorneyjeff.com\/wp-content\/uploads\/2026\/08\/car-that-set-ablaze-in-the-woods-e1787884468887.webp","width":6505,"height":3105,"caption":"A wrecked car parked in the woods and that was set ablaze and damaged after an incident."},{"@type":"BreadcrumbList","@id":"https:\/\/attorneyjeff.com\/two-men-sought-in-victorville-kidnapping-and-vehicle-arson-investigation\/#breadcrumb","itemListElement":[{"@type":"ListItem","position":1,"name":"Home","item":"https:\/\/attorneyjeff.com\/"},{"@type":"ListItem","position":2,"name":"Two Men Sought in Victorville Kidnapping and Vehicle Arson Investigation"}]},{"@type":"WebSite","@id":"https:\/\/attorneyjeff.com\/#website","url":"https:\/\/attorneyjeff.com\/","name":"El abogado Jeff","description":"Abogado de accidentes de coche","potentialAction":[{"@type":"SearchAction","target":{"@type":"EntryPoint","urlTemplate":"https:\/\/attorneyjeff.com\/?s={search_term_string}"},"query-input":{"@type":"PropertyValueSpecification","valueRequired":true,"valueName":"search_term_string"}}],"inLanguage":"es"},{"@type":"Person","@id":"https:\/\/attorneyjeff.com\/#\/schema\/person\/eb75c7c17fc19175262e69f04015acf8","name":"Michelle Jaco","image":{"@type":"ImageObject","inLanguage":"es","@id":"https:\/\/secure.gravatar.com\/avatar\/3c50f16c4667efff831bc281577f95675cdd9841ad52f1dc7e87c9cd0ac27f36?s=96&d=mm&r=g","url":"https:\/\/secure.gravatar.com\/avatar\/3c50f16c4667efff831bc281577f95675cdd9841ad52f1dc7e87c9cd0ac27f36?s=96&d=mm&r=g","contentUrl":"https:\/\/secure.gravatar.com\/avatar\/3c50f16c4667efff831bc281577f95675cdd9841ad52f1dc7e87c9cd0ac27f36?s=96&d=mm&r=g","caption":"Michelle Jaco"}}]}},"_links":{"self":[{"href":"https:\/\/attorneyjeff.com\/es\/wp-json\/wp\/v2\/posts\/4119","targetHints":{"allow":["GET"]}}],"collection":[{"href":"https:\/\/attorneyjeff.com\/es\/wp-json\/wp\/v2\/posts"}],"about":[{"href":"https:\/\/attorneyjeff.com\/es\/wp-json\/wp\/v2\/types\/post"}],"author":[{"embeddable":true,"href":"https:\/\/attorneyjeff.com\/es\/wp-json\/wp\/v2\/users\/24"}],"replies":[{"embeddable":true,"href":"https:\/\/attorneyjeff.com\/es\/wp-json\/wp\/v2\/comments?post=4119"}],"version-history":[{"count":2,"href":"https:\/\/attorneyjeff.com\/es\/wp-json\/wp\/v2\/posts\/4119\/revisions"}],"predecessor-version":[{"id":4122,"href":"https:\/\/attorneyjeff.com\/es\/wp-json\/wp\/v2\/posts\/4119\/revisions\/4122"}],"wp:featuredmedia":[{"embeddable":true,"href":"https:\/\/attorneyjeff.com\/es\/wp-json\/wp\/v2\/media\/4120"}],"wp:attachment":[{"href":"https:\/\/attorneyjeff.com\/es\/wp-json\/wp\/v2\/media?parent=4119"}],"wp:term":[{"taxonomy":"category","embeddable":true,"href":"https:\/\/attorneyjeff.com\/es\/wp-json\/wp\/v2\/categories?post=4119"},{"taxonomy":"post_tag","embeddable":true,"href":"https:\/\/attorneyjeff.com\/es\/wp-json\/wp\/v2\/tags?post=4119"}],"curies":[{"name":"wp","href":"https:\/\/api.w.org\/{rel}","templated":true}]}}